{"id":9110,"date":"2018-04-13T09:14:08","date_gmt":"2018-04-13T09:14:08","guid":{"rendered":"https:\/\/www.danishculture.com\/?p=9110"},"modified":"2018-04-13T09:14:08","modified_gmt":"2018-04-13T09:14:08","slug":"kulturkraftvaerk-polen-jazz-i-polen-danmark","status":"publish","type":"post","link":"https:\/\/www.danishculture.com\/da\/blog\/2018\/04\/13\/kulturkraftvaerk-polen-jazz-i-polen-danmark\/","title":{"rendered":"Kulturkraftv\u00e6rk Polen &#8211; Jazz i Polen og Danmark"},"content":{"rendered":"","protected":false},"excerpt":{"rendered":"","protected":false},"author":4,"featured_media":0,"comment_status":"open","ping_status":"open","sticky":false,"template":"","format":"standard","meta":{"_acf_changed":false,"footnotes":""},"categories":[2],"tags":[],"class_list":["post-9110","post","type-post","status-publish","format-standard","hentry","category-uncategorized-da"],"acf":[],"yoast_head":"<!-- This site is optimized with the Yoast SEO plugin v23.9 - https:\/\/yoast.com\/wordpress\/plugins\/seo\/ -->\n<title>Kulturkraftv\u00e6rk Polen - Jazz i Polen og Danmark -<\/title>\n<meta name=\"description\" content=\"L\u00e6s tre polske jazzmusikeres beskrivelser af jazz i Polen og Danmark. Begge lande har st\u00e6rke scener, og der er fuld knald p\u00e5 kreativitet og udveksling.\" \/>\n<meta name=\"robots\" content=\"index, follow, max-snippet:-1, max-image-preview:large, max-video-preview:-1\" \/>\n<link rel=\"canonical\" href=\"https:\/\/www.danishculture.com\/da\/blog\/2018\/04\/13\/kulturkraftvaerk-polen-jazz-i-polen-danmark\/\" \/>\n<meta property=\"og:locale\" content=\"da_DK\" \/>\n<meta property=\"og:type\" content=\"article\" \/>\n<meta property=\"og:title\" content=\"Kulturkraftv\u00e6rk Polen - Jazz i Polen og Danmark -\" \/>\n<meta property=\"og:description\" content=\"L\u00e6s tre polske jazzmusikeres beskrivelser af jazz i Polen og Danmark. Begge lande har st\u00e6rke scener, og der er fuld knald p\u00e5 kreativitet og udveksling.\" \/>\n<meta property=\"og:url\" content=\"https:\/\/www.danishculture.com\/da\/blog\/2018\/04\/13\/kulturkraftvaerk-polen-jazz-i-polen-danmark\/\" \/>\n<meta property=\"article:published_time\" content=\"2018-04-13T09:14:08+00:00\" \/>\n<meta name=\"author\" content=\"DKIdanmark\" \/>\n<meta name=\"twitter:card\" content=\"summary_large_image\" \/>\n<meta name=\"twitter:label1\" content=\"Skrevet af\" \/>\n\t<meta name=\"twitter:data1\" content=\"DKIdanmark\" \/>\n<script type=\"application\/ld+json\" class=\"yoast-schema-graph\">{\"@context\":\"https:\/\/schema.org\",\"@graph\":[{\"@type\":\"WebPage\",\"@id\":\"https:\/\/www.danishculture.com\/da\/blog\/2018\/04\/13\/kulturkraftvaerk-polen-jazz-i-polen-danmark\/\",\"url\":\"https:\/\/www.danishculture.com\/da\/blog\/2018\/04\/13\/kulturkraftvaerk-polen-jazz-i-polen-danmark\/\",\"name\":\"Kulturkraftv\u00e6rk Polen - Jazz i Polen og Danmark -\",\"isPartOf\":{\"@id\":\"https:\/\/www.danishculture.com\/#website\"},\"datePublished\":\"2018-04-13T09:14:08+00:00\",\"dateModified\":\"2018-04-13T09:14:08+00:00\",\"author\":{\"@id\":\"https:\/\/www.danishculture.com\/#\/schema\/person\/715b2475824e57f7cb35a3a71c4ee435\"},\"description\":\"L\u00e6s tre polske jazzmusikeres beskrivelser af jazz i Polen og Danmark. Begge lande har st\u00e6rke scener, og der er fuld knald p\u00e5 kreativitet og udveksling.\",\"breadcrumb\":{\"@id\":\"https:\/\/www.danishculture.com\/da\/blog\/2018\/04\/13\/kulturkraftvaerk-polen-jazz-i-polen-danmark\/#breadcrumb\"},\"inLanguage\":\"da-DK\",\"potentialAction\":[{\"@type\":\"ReadAction\",\"target\":[\"https:\/\/www.danishculture.com\/da\/blog\/2018\/04\/13\/kulturkraftvaerk-polen-jazz-i-polen-danmark\/\"]}]},{\"@type\":\"BreadcrumbList\",\"@id\":\"https:\/\/www.danishculture.com\/da\/blog\/2018\/04\/13\/kulturkraftvaerk-polen-jazz-i-polen-danmark\/#breadcrumb\",\"itemListElement\":[{\"@type\":\"ListItem\",\"position\":1,\"name\":\"Home\",\"item\":\"https:\/\/www.danishculture.com\/da\/\"},{\"@type\":\"ListItem\",\"position\":2,\"name\":\"Kulturkraftv\u00e6rk Polen &#8211; Jazz i Polen og Danmark\"}]},{\"@type\":\"WebSite\",\"@id\":\"https:\/\/www.danishculture.com\/#website\",\"url\":\"https:\/\/www.danishculture.com\/\",\"name\":\"\",\"description\":\"Vi arbejder for at skabe forst\u00e5else for dansk og international kultur\",\"potentialAction\":[{\"@type\":\"SearchAction\",\"target\":{\"@type\":\"EntryPoint\",\"urlTemplate\":\"https:\/\/www.danishculture.com\/?s={search_term_string}\"},\"query-input\":{\"@type\":\"PropertyValueSpecification\",\"valueRequired\":true,\"valueName\":\"search_term_string\"}}],\"inLanguage\":\"da-DK\"},{\"@type\":\"Person\",\"@id\":\"https:\/\/www.danishculture.com\/#\/schema\/person\/715b2475824e57f7cb35a3a71c4ee435\",\"name\":\"DKIdanmark\",\"url\":\"https:\/\/www.danishculture.com\/da\/blog\/author\/dkidanmark\/\"}]}<\/script>\n<!-- \/ Yoast SEO plugin. -->","yoast_head_json":{"title":"Kulturkraftv\u00e6rk Polen - Jazz i Polen og Danmark -","description":"L\u00e6s tre polske jazzmusikeres beskrivelser af jazz i Polen og Danmark. Begge lande har st\u00e6rke scener, og der er fuld knald p\u00e5 kreativitet og udveksling.","robots":{"index":"index","follow":"follow","max-snippet":"max-snippet:-1","max-image-preview":"max-image-preview:large","max-video-preview":"max-video-preview:-1"},"canonical":"https:\/\/www.danishculture.com\/da\/blog\/2018\/04\/13\/kulturkraftvaerk-polen-jazz-i-polen-danmark\/","og_locale":"da_DK","og_type":"article","og_title":"Kulturkraftv\u00e6rk Polen - Jazz i Polen og Danmark -","og_description":"L\u00e6s tre polske jazzmusikeres beskrivelser af jazz i Polen og Danmark. Begge lande har st\u00e6rke scener, og der er fuld knald p\u00e5 kreativitet og udveksling.","og_url":"https:\/\/www.danishculture.com\/da\/blog\/2018\/04\/13\/kulturkraftvaerk-polen-jazz-i-polen-danmark\/","article_published_time":"2018-04-13T09:14:08+00:00","author":"DKIdanmark","twitter_card":"summary_large_image","twitter_misc":{"Skrevet af":"DKIdanmark"},"schema":{"@context":"https:\/\/schema.org","@graph":[{"@type":"WebPage","@id":"https:\/\/www.danishculture.com\/da\/blog\/2018\/04\/13\/kulturkraftvaerk-polen-jazz-i-polen-danmark\/","url":"https:\/\/www.danishculture.com\/da\/blog\/2018\/04\/13\/kulturkraftvaerk-polen-jazz-i-polen-danmark\/","name":"Kulturkraftv\u00e6rk Polen - Jazz i Polen og Danmark -","isPartOf":{"@id":"https:\/\/www.danishculture.com\/#website"},"datePublished":"2018-04-13T09:14:08+00:00","dateModified":"2018-04-13T09:14:08+00:00","author":{"@id":"https:\/\/www.danishculture.com\/#\/schema\/person\/715b2475824e57f7cb35a3a71c4ee435"},"description":"L\u00e6s tre polske jazzmusikeres beskrivelser af jazz i Polen og Danmark. Begge lande har st\u00e6rke scener, og der er fuld knald p\u00e5 kreativitet og udveksling.","breadcrumb":{"@id":"https:\/\/www.danishculture.com\/da\/blog\/2018\/04\/13\/kulturkraftvaerk-polen-jazz-i-polen-danmark\/#breadcrumb"},"inLanguage":"da-DK","potentialAction":[{"@type":"ReadAction","target":["https:\/\/www.danishculture.com\/da\/blog\/2018\/04\/13\/kulturkraftvaerk-polen-jazz-i-polen-danmark\/"]}]},{"@type":"BreadcrumbList","@id":"https:\/\/www.danishculture.com\/da\/blog\/2018\/04\/13\/kulturkraftvaerk-polen-jazz-i-polen-danmark\/#breadcrumb","itemListElement":[{"@type":"ListItem","position":1,"name":"Home","item":"https:\/\/www.danishculture.com\/da\/"},{"@type":"ListItem","position":2,"name":"Kulturkraftv\u00e6rk Polen &#8211; Jazz i Polen og Danmark"}]},{"@type":"WebSite","@id":"https:\/\/www.danishculture.com\/#website","url":"https:\/\/www.danishculture.com\/","name":"","description":"Vi arbejder for at skabe forst\u00e5else for dansk og international kultur","potentialAction":[{"@type":"SearchAction","target":{"@type":"EntryPoint","urlTemplate":"https:\/\/www.danishculture.com\/?s={search_term_string}"},"query-input":{"@type":"PropertyValueSpecification","valueRequired":true,"valueName":"search_term_string"}}],"inLanguage":"da-DK"},{"@type":"Person","@id":"https:\/\/www.danishculture.com\/#\/schema\/person\/715b2475824e57f7cb35a3a71c4ee435","name":"DKIdanmark","url":"https:\/\/www.danishculture.com\/da\/blog\/author\/dkidanmark\/"}]}},"_links":{"self":[{"href":"https:\/\/www.danishculture.com\/da\/wp-json\/wp\/v2\/posts\/9110","targetHints":{"allow":["GET"]}}],"collection":[{"href":"https:\/\/www.danishculture.com\/da\/wp-json\/wp\/v2\/posts"}],"about":[{"href":"https:\/\/www.danishculture.com\/da\/wp-json\/wp\/v2\/types\/post"}],"author":[{"embeddable":true,"href":"https:\/\/www.danishculture.com\/da\/wp-json\/wp\/v2\/users\/4"}],"replies":[{"embeddable":true,"href":"https:\/\/www.danishculture.com\/da\/wp-json\/wp\/v2\/comments?post=9110"}],"version-history":[{"count":9,"href":"https:\/\/www.danishculture.com\/da\/wp-json\/wp\/v2\/posts\/9110\/revisions"}],"predecessor-version":[{"id":9119,"href":"https:\/\/www.danishculture.com\/da\/wp-json\/wp\/v2\/posts\/9110\/revisions\/9119"}],"wp:attachment":[{"href":"https:\/\/www.danishculture.com\/da\/wp-json\/wp\/v2\/media?parent=9110"}],"wp:term":[{"taxonomy":"category","embeddable":true,"href":"https:\/\/www.danishculture.com\/da\/wp-json\/wp\/v2\/categories?post=9110"},{"taxonomy":"post_tag","embeddable":true,"href":"https:\/\/www.danishculture.com\/da\/wp-json\/wp\/v2\/tags?post=9110"}],"curies":[{"name":"wp","href":"https:\/\/api.w.org\/{rel}","templated":true}]}}