{"id":13705,"date":"2019-05-24T10:09:12","date_gmt":"2019-05-24T10:09:12","guid":{"rendered":"https:\/\/www.danishculture.com\/baltic-urbcultural-planning-conference-4-6-july-kiel\/"},"modified":"2019-05-27T12:48:49","modified_gmt":"2019-05-27T12:48:49","slug":"baltic-urbcultural-planning-konference-4-6-juli-i-kiel","status":"publish","type":"post","link":"https:\/\/www.danishculture.com\/da\/blog\/2019\/05\/24\/baltic-urbcultural-planning-konference-4-6-juli-i-kiel\/","title":{"rendered":"Baltic UrbCultural Planning konference 4.-6. juli i Kiel"},"content":{"rendered":"","protected":false},"excerpt":{"rendered":"","protected":false},"author":3,"featured_media":0,"comment_status":"open","ping_status":"open","sticky":false,"template":"","format":"standard","meta":{"_acf_changed":false,"footnotes":""},"categories":[252,268,267,253,266],"tags":[129,356,427,428],"class_list":["post-13705","post","type-post","status-publish","format-standard","hentry","category-danmark","category-letland","category-litauen","category-polen","category-tyskland","tag-art-da","tag-baltics-da","tag-urban-planning-da","tag-urbculturalplanning-da"],"acf":[],"yoast_head":"<!-- This site is optimized with the Yoast SEO plugin v23.9 - https:\/\/yoast.com\/wordpress\/plugins\/seo\/ -->\n<title>Baltic UrbCultural Planning konference 4.-6. juli i Kiel<\/title>\n<meta name=\"description\" content=\"S\u00e6t kryds i kalenderen d. 4.-6. juli, hvor der er Baltic UrbCulturalPlanning konference i Kiel. Konferencen s\u00e6tter fokus p\u00e5 kultur og byudvikling.\" \/>\n<meta name=\"robots\" content=\"index, follow, max-snippet:-1, max-image-preview:large, max-video-preview:-1\" \/>\n<link rel=\"canonical\" href=\"https:\/\/www.danishculture.com\/da\/blog\/2019\/05\/24\/baltic-urbcultural-planning-konference-4-6-juli-i-kiel\/\" \/>\n<meta property=\"og:locale\" content=\"da_DK\" \/>\n<meta property=\"og:type\" content=\"article\" \/>\n<meta property=\"og:title\" content=\"Baltic UrbCultural Planning konference 4.-6. juli i Kiel\" \/>\n<meta property=\"og:description\" content=\"S\u00e6t kryds i kalenderen d. 4.-6. juli, hvor der er Baltic UrbCulturalPlanning konference i Kiel. Konferencen s\u00e6tter fokus p\u00e5 kultur og byudvikling.\" \/>\n<meta property=\"og:url\" content=\"https:\/\/www.danishculture.com\/da\/blog\/2019\/05\/24\/baltic-urbcultural-planning-konference-4-6-juli-i-kiel\/\" \/>\n<meta property=\"article:published_time\" content=\"2019-05-24T10:09:12+00:00\" \/>\n<meta property=\"article:modified_time\" content=\"2019-05-27T12:48:49+00:00\" \/>\n<meta name=\"author\" content=\"dkieditor\" \/>\n<meta name=\"twitter:card\" content=\"summary_large_image\" \/>\n<meta name=\"twitter:label1\" content=\"Skrevet af\" \/>\n\t<meta name=\"twitter:data1\" content=\"dkieditor\" \/>\n<script type=\"application\/ld+json\" class=\"yoast-schema-graph\">{\"@context\":\"https:\/\/schema.org\",\"@graph\":[{\"@type\":\"WebPage\",\"@id\":\"https:\/\/www.danishculture.com\/da\/blog\/2019\/05\/24\/baltic-urbcultural-planning-konference-4-6-juli-i-kiel\/\",\"url\":\"https:\/\/www.danishculture.com\/da\/blog\/2019\/05\/24\/baltic-urbcultural-planning-konference-4-6-juli-i-kiel\/\",\"name\":\"Baltic UrbCultural Planning konference 4.-6. juli i Kiel\",\"isPartOf\":{\"@id\":\"https:\/\/www.danishculture.com\/#website\"},\"datePublished\":\"2019-05-24T10:09:12+00:00\",\"dateModified\":\"2019-05-27T12:48:49+00:00\",\"author\":{\"@id\":\"https:\/\/www.danishculture.com\/#\/schema\/person\/813c9d9d2ee49912c6a5e2cccfb7bbef\"},\"description\":\"S\u00e6t kryds i kalenderen d. 4.-6. juli, hvor der er Baltic UrbCulturalPlanning konference i Kiel. Konferencen s\u00e6tter fokus p\u00e5 kultur og byudvikling.\",\"breadcrumb\":{\"@id\":\"https:\/\/www.danishculture.com\/da\/blog\/2019\/05\/24\/baltic-urbcultural-planning-konference-4-6-juli-i-kiel\/#breadcrumb\"},\"inLanguage\":\"da-DK\",\"potentialAction\":[{\"@type\":\"ReadAction\",\"target\":[\"https:\/\/www.danishculture.com\/da\/blog\/2019\/05\/24\/baltic-urbcultural-planning-konference-4-6-juli-i-kiel\/\"]}]},{\"@type\":\"BreadcrumbList\",\"@id\":\"https:\/\/www.danishculture.com\/da\/blog\/2019\/05\/24\/baltic-urbcultural-planning-konference-4-6-juli-i-kiel\/#breadcrumb\",\"itemListElement\":[{\"@type\":\"ListItem\",\"position\":1,\"name\":\"Home\",\"item\":\"https:\/\/www.danishculture.com\/da\/\"},{\"@type\":\"ListItem\",\"position\":2,\"name\":\"Baltic UrbCultural Planning konference 4.-6. juli i Kiel\"}]},{\"@type\":\"WebSite\",\"@id\":\"https:\/\/www.danishculture.com\/#website\",\"url\":\"https:\/\/www.danishculture.com\/\",\"name\":\"\",\"description\":\"Vi arbejder for at skabe forst\u00e5else for dansk og international kultur\",\"potentialAction\":[{\"@type\":\"SearchAction\",\"target\":{\"@type\":\"EntryPoint\",\"urlTemplate\":\"https:\/\/www.danishculture.com\/?s={search_term_string}\"},\"query-input\":{\"@type\":\"PropertyValueSpecification\",\"valueRequired\":true,\"valueName\":\"search_term_string\"}}],\"inLanguage\":\"da-DK\"},{\"@type\":\"Person\",\"@id\":\"https:\/\/www.danishculture.com\/#\/schema\/person\/813c9d9d2ee49912c6a5e2cccfb7bbef\",\"name\":\"dkieditor\",\"url\":\"https:\/\/www.danishculture.com\/da\/blog\/author\/dkieditor\/\"}]}<\/script>\n<!-- \/ Yoast SEO plugin. -->","yoast_head_json":{"title":"Baltic UrbCultural Planning konference 4.-6. juli i Kiel","description":"S\u00e6t kryds i kalenderen d. 4.-6. juli, hvor der er Baltic UrbCulturalPlanning konference i Kiel. Konferencen s\u00e6tter fokus p\u00e5 kultur og byudvikling.","robots":{"index":"index","follow":"follow","max-snippet":"max-snippet:-1","max-image-preview":"max-image-preview:large","max-video-preview":"max-video-preview:-1"},"canonical":"https:\/\/www.danishculture.com\/da\/blog\/2019\/05\/24\/baltic-urbcultural-planning-konference-4-6-juli-i-kiel\/","og_locale":"da_DK","og_type":"article","og_title":"Baltic UrbCultural Planning konference 4.-6. juli i Kiel","og_description":"S\u00e6t kryds i kalenderen d. 4.-6. juli, hvor der er Baltic UrbCulturalPlanning konference i Kiel. Konferencen s\u00e6tter fokus p\u00e5 kultur og byudvikling.","og_url":"https:\/\/www.danishculture.com\/da\/blog\/2019\/05\/24\/baltic-urbcultural-planning-konference-4-6-juli-i-kiel\/","article_published_time":"2019-05-24T10:09:12+00:00","article_modified_time":"2019-05-27T12:48:49+00:00","author":"dkieditor","twitter_card":"summary_large_image","twitter_misc":{"Skrevet af":"dkieditor"},"schema":{"@context":"https:\/\/schema.org","@graph":[{"@type":"WebPage","@id":"https:\/\/www.danishculture.com\/da\/blog\/2019\/05\/24\/baltic-urbcultural-planning-konference-4-6-juli-i-kiel\/","url":"https:\/\/www.danishculture.com\/da\/blog\/2019\/05\/24\/baltic-urbcultural-planning-konference-4-6-juli-i-kiel\/","name":"Baltic UrbCultural Planning konference 4.-6. juli i Kiel","isPartOf":{"@id":"https:\/\/www.danishculture.com\/#website"},"datePublished":"2019-05-24T10:09:12+00:00","dateModified":"2019-05-27T12:48:49+00:00","author":{"@id":"https:\/\/www.danishculture.com\/#\/schema\/person\/813c9d9d2ee49912c6a5e2cccfb7bbef"},"description":"S\u00e6t kryds i kalenderen d. 4.-6. juli, hvor der er Baltic UrbCulturalPlanning konference i Kiel. Konferencen s\u00e6tter fokus p\u00e5 kultur og byudvikling.","breadcrumb":{"@id":"https:\/\/www.danishculture.com\/da\/blog\/2019\/05\/24\/baltic-urbcultural-planning-konference-4-6-juli-i-kiel\/#breadcrumb"},"inLanguage":"da-DK","potentialAction":[{"@type":"ReadAction","target":["https:\/\/www.danishculture.com\/da\/blog\/2019\/05\/24\/baltic-urbcultural-planning-konference-4-6-juli-i-kiel\/"]}]},{"@type":"BreadcrumbList","@id":"https:\/\/www.danishculture.com\/da\/blog\/2019\/05\/24\/baltic-urbcultural-planning-konference-4-6-juli-i-kiel\/#breadcrumb","itemListElement":[{"@type":"ListItem","position":1,"name":"Home","item":"https:\/\/www.danishculture.com\/da\/"},{"@type":"ListItem","position":2,"name":"Baltic UrbCultural Planning konference 4.-6. juli i Kiel"}]},{"@type":"WebSite","@id":"https:\/\/www.danishculture.com\/#website","url":"https:\/\/www.danishculture.com\/","name":"","description":"Vi arbejder for at skabe forst\u00e5else for dansk og international kultur","potentialAction":[{"@type":"SearchAction","target":{"@type":"EntryPoint","urlTemplate":"https:\/\/www.danishculture.com\/?s={search_term_string}"},"query-input":{"@type":"PropertyValueSpecification","valueRequired":true,"valueName":"search_term_string"}}],"inLanguage":"da-DK"},{"@type":"Person","@id":"https:\/\/www.danishculture.com\/#\/schema\/person\/813c9d9d2ee49912c6a5e2cccfb7bbef","name":"dkieditor","url":"https:\/\/www.danishculture.com\/da\/blog\/author\/dkieditor\/"}]}},"_links":{"self":[{"href":"https:\/\/www.danishculture.com\/da\/wp-json\/wp\/v2\/posts\/13705","targetHints":{"allow":["GET"]}}],"collection":[{"href":"https:\/\/www.danishculture.com\/da\/wp-json\/wp\/v2\/posts"}],"about":[{"href":"https:\/\/www.danishculture.com\/da\/wp-json\/wp\/v2\/types\/post"}],"author":[{"embeddable":true,"href":"https:\/\/www.danishculture.com\/da\/wp-json\/wp\/v2\/users\/3"}],"replies":[{"embeddable":true,"href":"https:\/\/www.danishculture.com\/da\/wp-json\/wp\/v2\/comments?post=13705"}],"version-history":[{"count":3,"href":"https:\/\/www.danishculture.com\/da\/wp-json\/wp\/v2\/posts\/13705\/revisions"}],"predecessor-version":[{"id":13709,"href":"https:\/\/www.danishculture.com\/da\/wp-json\/wp\/v2\/posts\/13705\/revisions\/13709"}],"wp:attachment":[{"href":"https:\/\/www.danishculture.com\/da\/wp-json\/wp\/v2\/media?parent=13705"}],"wp:term":[{"taxonomy":"category","embeddable":true,"href":"https:\/\/www.danishculture.com\/da\/wp-json\/wp\/v2\/categories?post=13705"},{"taxonomy":"post_tag","embeddable":true,"href":"https:\/\/www.danishculture.com\/da\/wp-json\/wp\/v2\/tags?post=13705"}],"curies":[{"name":"wp","href":"https:\/\/api.w.org\/{rel}","templated":true}]}}